{"id":787,"date":"2022-12-30T14:51:50","date_gmt":"2022-12-30T13:51:50","guid":{"rendered":"http:\/\/pfadign.boettge.info\/blog\/?p=787"},"modified":"2022-12-30T14:52:59","modified_gmt":"2022-12-30T13:52:59","slug":"friedenslichtgottesdienst-2022","status":"publish","type":"post","link":"https:\/\/pfadign.boettge.info\/blog\/?p=787","title":{"rendered":"Friedenslichtgottesdienst 2022"},"content":{"rendered":"\n<p>&#8222;Das Friedenslicht steht f\u00fcr unsere Solidarit\u00e4t. Es steht f\u00fcr Toleranz und f\u00fcr den Mut, sich dort einzumischen, wo Ungerechtigkeit entsteht. <strong>\u201eFrieden beginnt mit dir\u201c<\/strong> lautet deshalb auch das Motto der diesj\u00e4hrigen Friedenslichtaktion&#8230;&#8220;<\/p>\n<p>Diese Worte erklangen unteranderem, als das Friedenslicht, am Heiligenabend, an alle Gottesdienstbesucher weitergegeben wurde.<\/p>\n<p>Im Vorfeld trafen sich wieder einmal ein paar flei\u00dfige Helfer, um alle 1.500 Kerzen zu stecken und im Anschluss diese, gemeinsam mit Liederheften, an die Gottesdienstbesucher zu verteilen.\u00a0<\/p>\n<p>Dieses Jahr beteiligten wir uns nicht nur an der Friedenslichtaktion, sondern wirkten auch bei dem Gebet mit. Im Wechsel, mit dem Dekan, sprachen wir das diesj\u00e4hrige Gebet. Unsere Gebete gingen an die Ukraine, an Hungernde, an Verletzte, an Kranke und Leidende. An Suchende, an die, die sich verrannt haben und an alle die Angst haben und Hilfe ben\u00f6tigen.<\/p>\n<p>Dank des guten Wetters, war der Gottesdienst sehr gut besucht. und mit der langsam beginnenden Dunkelheit, die aufzog, senkte sich auch der Zauber und die Freude auf Weihnachten \u00fcber alle.\u00a0<\/p>\n<p>Als der Gottesdienst schlie\u00dflich mit dem Segen beendet wurde, war jedem klar, jetzt ist Weihnachten. Und jeder macht sich, mit eigenen sch\u00f6nen, unvergesslichen Erinnerungen auf dem Heimweg. Das Friedenslicht wurde in alle Ecken von Gelnhausen getragen und erhellte dort Stra\u00dfen, H\u00e4user, Wohnungen und Herzen. &#8222;Eine Kleine Flamme, die sich immer weiter verbreitet&#8220;.\u00a0<\/p>\n<p>Nach dem Aufr\u00e4umen teilten sich auch unsere Wege, jeder ging zu sich nach Hause, um dort mit Freunden und Familie Weihnachten zu feiern. Zwar ging man allein, doch die Erinnerungen, Eindr\u00fccke und Gef\u00fchle, des Abends, verbanden uns miteinander und werden uns noch lange begleiten. <img loading=\"lazy\" decoding=\"async\" class=\"alignnone  wp-image-788\" src=\"https:\/\/pfadign.boettge.info\/blog\/files\/2022\/12\/Friedenslichtgottesdienst-2022-300x178.jpg\" alt=\"\" width=\"463\" height=\"275\" srcset=\"https:\/\/pfadign.boettge.info\/blog\/files\/2022\/12\/Friedenslichtgottesdienst-2022-300x178.jpg 300w, https:\/\/pfadign.boettge.info\/blog\/files\/2022\/12\/Friedenslichtgottesdienst-2022-1024x608.jpg 1024w, https:\/\/pfadign.boettge.info\/blog\/files\/2022\/12\/Friedenslichtgottesdienst-2022-768x456.jpg 768w, https:\/\/pfadign.boettge.info\/blog\/files\/2022\/12\/Friedenslichtgottesdienst-2022-1536x912.jpg 1536w, https:\/\/pfadign.boettge.info\/blog\/files\/2022\/12\/Friedenslichtgottesdienst-2022-2048x1217.jpg 2048w\" sizes=\"auto, (max-width: 463px) 100vw, 463px\" \/><\/p>\n","protected":false},"excerpt":{"rendered":"<p>&#8222;Das Friedenslicht steht f\u00fcr unsere Solidarit\u00e4t. Es steht f\u00fcr Toleranz und f\u00fcr den Mut, sich dort einzumischen, wo Ungerechtigkeit entsteht. \u201eFrieden beginnt mit dir\u201c lautet deshalb auch das Motto der diesj\u00e4hrigen Friedenslichtaktion&#8230;&#8220; Diese Worte erklangen unteranderem, als das Friedenslicht, am &hellip; <a href=\"https:\/\/pfadign.boettge.info\/blog\/?p=787\">Weiterlesen <span class=\"meta-nav\">&rarr;<\/span><\/a><\/p>\n","protected":false},"author":23,"featured_media":0,"comment_status":"open","ping_status":"open","sticky":false,"template":"","format":"standard","meta":{"footnotes":""},"categories":[1],"tags":[],"class_list":["post-787","post","type-post","status-publish","format-standard","hentry","category-aktuelles"],"_links":{"self":[{"href":"https:\/\/pfadign.boettge.info\/blog\/index.php?rest_route=\/wp\/v2\/posts\/787","targetHints":{"allow":["GET"]}}],"collection":[{"href":"https:\/\/pfadign.boettge.info\/blog\/index.php?rest_route=\/wp\/v2\/posts"}],"about":[{"href":"https:\/\/pfadign.boettge.info\/blog\/index.php?rest_route=\/wp\/v2\/types\/post"}],"author":[{"embeddable":true,"href":"https:\/\/pfadign.boettge.info\/blog\/index.php?rest_route=\/wp\/v2\/users\/23"}],"replies":[{"embeddable":true,"href":"https:\/\/pfadign.boettge.info\/blog\/index.php?rest_route=%2Fwp%2Fv2%2Fcomments&post=787"}],"version-history":[{"count":2,"href":"https:\/\/pfadign.boettge.info\/blog\/index.php?rest_route=\/wp\/v2\/posts\/787\/revisions"}],"predecessor-version":[{"id":791,"href":"https:\/\/pfadign.boettge.info\/blog\/index.php?rest_route=\/wp\/v2\/posts\/787\/revisions\/791"}],"wp:attachment":[{"href":"https:\/\/pfadign.boettge.info\/blog\/index.php?rest_route=%2Fwp%2Fv2%2Fmedia&parent=787"}],"wp:term":[{"taxonomy":"category","embeddable":true,"href":"https:\/\/pfadign.boettge.info\/blog\/index.php?rest_route=%2Fwp%2Fv2%2Fcategories&post=787"},{"taxonomy":"post_tag","embeddable":true,"href":"https:\/\/pfadign.boettge.info\/blog\/index.php?rest_route=%2Fwp%2Fv2%2Ftags&post=787"}],"curies":[{"name":"wp","href":"https:\/\/api.w.org\/{rel}","templated":true}]}}